{"id":7789,"date":"2026-09-03T15:39:34","date_gmt":"2026-09-03T13:39:34","guid":{"rendered":"https:\/\/cdu-meerbusch.de\/?p=7789"},"modified":"2026-09-03T16:12:42","modified_gmt":"2026-09-03T14:12:42","slug":"haushaltskonsolidierung-gemeinsam-fuer-einen-zukunftsfaehigen-haushalt","status":"publish","type":"post","link":"https:\/\/cdu-meerbusch.de\/en\/allgemein\/haushaltskonsolidierung-gemeinsam-fuer-einen-zukunftsfaehigen-haushalt\/","title":{"rendered":"Haushaltskonsolidierung: Gemeinsam f\u00fcr einen zukunftsf\u00e4higen Haushalt"},"content":{"rendered":"<p>Auch w\u00e4hrend der Sommerferien stand ein wichtiges Thema ganz oben auf unserer Agenda: die Konsolidierung unseres Haushaltes. In einer Sondersitzung haben wir uns gemeinsam mit externen Beratern intensiv mit der aktuellen Haushaltslage und dem anstehenden Haushaltsentwurf, sowie m\u00f6glichen Ma\u00dfnahmen zur nachhaltigen Verbesserung unserer finanziellen Situation auseinandergesetzt.<\/p>\n<p>Unser Ziel f\u00fcr den Haushalt 2027 ist klar: Wir wollen strukturelle Einsparungen und nachhaltige Verbesserungen erreichen.<\/p>\n<p>Wir freuen uns deshalb besonders, dass wir mit Beschluss der letzten Ratssitzung die externe Unterst\u00fctzung der KGSt (Kommunale Gemeinschaftsstelle f\u00fcr Verwaltungsmanagement) gewinnen konnten. Mit ihrer fachlichen Expertise wird die KGSt uns dabei begleiten, Einsparpotentiale zu identifizieren, Strukturen zu \u00fcberpr\u00fcfen und konkrete Ma\u00dfnahmen f\u00fcr einen nachhaltige Haushaltskonsolidierung zu entwickeln.<\/p>\n<p>Die kommenden Schritte werden sicherlich nicht immer einfach sein. Umso wichtiger ist es, die Herausforderungen gemeinsam, transparent und mit klarem Blick auf die Zukunft anzugehen. Unser Anspruch ist es, Verantwortung f\u00fcr die heutigen Entscheidungen zu \u00fcbernehmen und gleichzeitig die Handlungsf\u00e4higkeit unserer Kommune f\u00fcr kommende Jahre zu sichern.<\/p>\n<p>Wir werden \u00fcber die weiteren Entwicklungen und Ergebnisse berichten<\/p>\n<p>Your CDU-Meerbusch<\/p>","protected":false},"excerpt":{"rendered":"<p>Auch w\u00e4hrend der Sommerferien stand ein wichtiges Thema ganz oben auf unserer Agenda: die Konsolidierung unseres Haushaltes. In einer Sondersitzung haben wir uns gemeinsam mit externen Beratern intensiv mit der aktuellen Haushaltslage und dem anstehenden Haushaltsentwurf, sowie m\u00f6glichen Ma\u00dfnahmen zur nachhaltigen Verbesserung unserer finanziellen Situation auseinandergesetzt. Unser Ziel f\u00fcr den Haushalt 2027 ist klar: Wir [&hellip;]<\/p>\n","protected":false},"author":1,"featured_media":7783,"comment_status":"closed","ping_status":"closed","sticky":false,"template":"","format":"standard","meta":{"footnotes":""},"categories":[1],"tags":[],"class_list":["post-7789","post","type-post","status-publish","format-standard","has-post-thumbnail","hentry","category-allgemein"],"yoast_head":"<!-- This site is optimized with the Yoast SEO plugin v28.3 - https:\/\/yoast.com\/product\/yoast-seo-wordpress\/ -->\n<title>Haushaltskonsolidierung: Gemeinsam f\u00fcr einen zukunftsf\u00e4higen Haushalt | CDU Meerbusch<\/title>\n<meta name=\"robots\" content=\"index, follow, max-snippet:-1, max-image-preview:large, max-video-preview:-1\" \/>\n<link rel=\"canonical\" href=\"https:\/\/cdu-meerbusch.de\/en\/allgemein\/haushaltskonsolidierung-gemeinsam-fuer-einen-zukunftsfaehigen-haushalt\/\" \/>\n<meta property=\"og:locale\" content=\"en_GB\" \/>\n<meta property=\"og:type\" content=\"article\" \/>\n<meta property=\"og:title\" content=\"Haushaltskonsolidierung: Gemeinsam f\u00fcr einen zukunftsf\u00e4higen Haushalt | CDU Meerbusch\" \/>\n<meta property=\"og:description\" content=\"Auch w\u00e4hrend der Sommerferien stand ein wichtiges Thema ganz oben auf unserer Agenda: die Konsolidierung unseres Haushaltes. In einer Sondersitzung haben wir uns gemeinsam mit externen Beratern intensiv mit der aktuellen Haushaltslage und dem anstehenden Haushaltsentwurf, sowie m\u00f6glichen Ma\u00dfnahmen zur nachhaltigen Verbesserung unserer finanziellen Situation auseinandergesetzt. Unser Ziel f\u00fcr den Haushalt 2027 ist klar: Wir [&hellip;]\" \/>\n<meta property=\"og:url\" content=\"https:\/\/cdu-meerbusch.de\/en\/allgemein\/haushaltskonsolidierung-gemeinsam-fuer-einen-zukunftsfaehigen-haushalt\/\" \/>\n<meta property=\"og:site_name\" content=\"CDU Meerbusch\" \/>\n<meta property=\"article:published_time\" content=\"2026-09-03T13:39:34+00:00\" \/>\n<meta property=\"article:modified_time\" content=\"2026-09-03T14:12:42+00:00\" \/>\n<meta property=\"og:image\" content=\"https:\/\/cdu-meerbusch.de\/wp-content\/uploads\/haushaltskonsolidierung.jpg\" \/>\n\t<meta property=\"og:image:width\" content=\"700\" \/>\n\t<meta property=\"og:image:height\" content=\"363\" \/>\n\t<meta property=\"og:image:type\" content=\"image\/jpeg\" \/>\n<meta name=\"author\" content=\"@dm1n\" \/>\n<script type=\"application\/ld+json\" class=\"yoast-schema-graph\">{\"@context\":\"https:\\\/\\\/schema.org\",\"@graph\":[{\"@type\":\"Article\",\"@id\":\"https:\\\/\\\/cdu-meerbusch.de\\\/allgemein\\\/haushaltskonsolidierung-gemeinsam-fuer-einen-zukunftsfaehigen-haushalt\\\/#article\",\"isPartOf\":{\"@id\":\"https:\\\/\\\/cdu-meerbusch.de\\\/allgemein\\\/haushaltskonsolidierung-gemeinsam-fuer-einen-zukunftsfaehigen-haushalt\\\/\"},\"author\":{\"name\":\"@dm1n\",\"@id\":\"https:\\\/\\\/cdu-meerbusch.de\\\/#\\\/schema\\\/person\\\/a042ef2544ed318a235f2ad86e07549e\"},\"headline\":\"Haushaltskonsolidierung: Gemeinsam f\u00fcr einen zukunftsf\u00e4higen Haushalt\",\"datePublished\":\"2026-09-03T13:39:34+00:00\",\"dateModified\":\"2026-09-03T14:12:42+00:00\",\"mainEntityOfPage\":{\"@id\":\"https:\\\/\\\/cdu-meerbusch.de\\\/allgemein\\\/haushaltskonsolidierung-gemeinsam-fuer-einen-zukunftsfaehigen-haushalt\\\/\"},\"wordCount\":187,\"publisher\":{\"@id\":\"https:\\\/\\\/cdu-meerbusch.de\\\/#organization\"},\"image\":{\"@id\":\"https:\\\/\\\/cdu-meerbusch.de\\\/allgemein\\\/haushaltskonsolidierung-gemeinsam-fuer-einen-zukunftsfaehigen-haushalt\\\/#primaryimage\"},\"thumbnailUrl\":\"https:\\\/\\\/cdu-meerbusch.de\\\/wp-content\\\/uploads\\\/haushaltskonsolidierung.jpg\",\"articleSection\":[\"Allgemein\"],\"inLanguage\":\"en-GB\"},{\"@type\":\"WebPage\",\"@id\":\"https:\\\/\\\/cdu-meerbusch.de\\\/allgemein\\\/haushaltskonsolidierung-gemeinsam-fuer-einen-zukunftsfaehigen-haushalt\\\/\",\"url\":\"https:\\\/\\\/cdu-meerbusch.de\\\/allgemein\\\/haushaltskonsolidierung-gemeinsam-fuer-einen-zukunftsfaehigen-haushalt\\\/\",\"name\":\"Haushaltskonsolidierung: Gemeinsam f\u00fcr einen zukunftsf\u00e4higen Haushalt | CDU Meerbusch\",\"isPartOf\":{\"@id\":\"https:\\\/\\\/cdu-meerbusch.de\\\/#website\"},\"primaryImageOfPage\":{\"@id\":\"https:\\\/\\\/cdu-meerbusch.de\\\/allgemein\\\/haushaltskonsolidierung-gemeinsam-fuer-einen-zukunftsfaehigen-haushalt\\\/#primaryimage\"},\"image\":{\"@id\":\"https:\\\/\\\/cdu-meerbusch.de\\\/allgemein\\\/haushaltskonsolidierung-gemeinsam-fuer-einen-zukunftsfaehigen-haushalt\\\/#primaryimage\"},\"thumbnailUrl\":\"https:\\\/\\\/cdu-meerbusch.de\\\/wp-content\\\/uploads\\\/haushaltskonsolidierung.jpg\",\"datePublished\":\"2026-09-03T13:39:34+00:00\",\"dateModified\":\"2026-09-03T14:12:42+00:00\",\"breadcrumb\":{\"@id\":\"https:\\\/\\\/cdu-meerbusch.de\\\/allgemein\\\/haushaltskonsolidierung-gemeinsam-fuer-einen-zukunftsfaehigen-haushalt\\\/#breadcrumb\"},\"inLanguage\":\"en-GB\",\"potentialAction\":[{\"@type\":\"ReadAction\",\"target\":[\"https:\\\/\\\/cdu-meerbusch.de\\\/allgemein\\\/haushaltskonsolidierung-gemeinsam-fuer-einen-zukunftsfaehigen-haushalt\\\/\"]}]},{\"@type\":\"ImageObject\",\"inLanguage\":\"en-GB\",\"@id\":\"https:\\\/\\\/cdu-meerbusch.de\\\/allgemein\\\/haushaltskonsolidierung-gemeinsam-fuer-einen-zukunftsfaehigen-haushalt\\\/#primaryimage\",\"url\":\"https:\\\/\\\/cdu-meerbusch.de\\\/wp-content\\\/uploads\\\/haushaltskonsolidierung.jpg\",\"contentUrl\":\"https:\\\/\\\/cdu-meerbusch.de\\\/wp-content\\\/uploads\\\/haushaltskonsolidierung.jpg\",\"width\":700,\"height\":363,\"caption\":\"Haushaltskonsolidierung: Gemeinsam f\u00fcr einen zukunftsf\u00e4higen Haushalt\"},{\"@type\":\"BreadcrumbList\",\"@id\":\"https:\\\/\\\/cdu-meerbusch.de\\\/allgemein\\\/haushaltskonsolidierung-gemeinsam-fuer-einen-zukunftsfaehigen-haushalt\\\/#breadcrumb\",\"itemListElement\":[{\"@type\":\"ListItem\",\"position\":1,\"name\":\"Startseite\",\"item\":\"https:\\\/\\\/cdu-meerbusch.de\\\/\"},{\"@type\":\"ListItem\",\"position\":2,\"name\":\"Haushaltskonsolidierung: Gemeinsam f\u00fcr einen zukunftsf\u00e4higen Haushalt\"}]},{\"@type\":\"WebSite\",\"@id\":\"https:\\\/\\\/cdu-meerbusch.de\\\/#website\",\"url\":\"https:\\\/\\\/cdu-meerbusch.de\\\/\",\"name\":\"CDU Meerbusch\",\"description\":\"gut Leben in Meerbusch\",\"publisher\":{\"@id\":\"https:\\\/\\\/cdu-meerbusch.de\\\/#organization\"},\"alternateName\":\"CDU Meerbusch\",\"potentialAction\":[{\"@type\":\"SearchAction\",\"target\":{\"@type\":\"EntryPoint\",\"urlTemplate\":\"https:\\\/\\\/cdu-meerbusch.de\\\/?s={search_term_string}\"},\"query-input\":{\"@type\":\"PropertyValueSpecification\",\"valueRequired\":true,\"valueName\":\"search_term_string\"}}],\"inLanguage\":\"en-GB\"},{\"@type\":\"Organization\",\"@id\":\"https:\\\/\\\/cdu-meerbusch.de\\\/#organization\",\"name\":\"CDU Meerbusch\",\"url\":\"https:\\\/\\\/cdu-meerbusch.de\\\/\",\"logo\":{\"@type\":\"ImageObject\",\"inLanguage\":\"en-GB\",\"@id\":\"https:\\\/\\\/cdu-meerbusch.de\\\/#\\\/schema\\\/logo\\\/image\\\/\",\"url\":\"https:\\\/\\\/cdu-meerbusch.de\\\/wp-content\\\/uploads\\\/cdu-gesamtlogo.png\",\"contentUrl\":\"https:\\\/\\\/cdu-meerbusch.de\\\/wp-content\\\/uploads\\\/cdu-gesamtlogo.png\",\"width\":418,\"height\":120,\"caption\":\"CDU Meerbusch\"},\"image\":{\"@id\":\"https:\\\/\\\/cdu-meerbusch.de\\\/#\\\/schema\\\/logo\\\/image\\\/\"}},{\"@type\":\"Person\",\"@id\":\"https:\\\/\\\/cdu-meerbusch.de\\\/#\\\/schema\\\/person\\\/a042ef2544ed318a235f2ad86e07549e\",\"name\":\"@dm1n\",\"sameAs\":[\"http:\\\/\\\/cdu-meerbusch.de\"]}]}<\/script>\n<!-- \/ Yoast SEO plugin. -->","yoast_head_json":{"title":"Haushaltskonsolidierung: Gemeinsam f\u00fcr einen zukunftsf\u00e4higen Haushalt | CDU Meerbusch","robots":{"index":"index","follow":"follow","max-snippet":"max-snippet:-1","max-image-preview":"max-image-preview:large","max-video-preview":"max-video-preview:-1"},"canonical":"https:\/\/cdu-meerbusch.de\/en\/allgemein\/haushaltskonsolidierung-gemeinsam-fuer-einen-zukunftsfaehigen-haushalt\/","og_locale":"en_GB","og_type":"article","og_title":"Haushaltskonsolidierung: Gemeinsam f\u00fcr einen zukunftsf\u00e4higen Haushalt | CDU Meerbusch","og_description":"Auch w\u00e4hrend der Sommerferien stand ein wichtiges Thema ganz oben auf unserer Agenda: die Konsolidierung unseres Haushaltes. In einer Sondersitzung haben wir uns gemeinsam mit externen Beratern intensiv mit der aktuellen Haushaltslage und dem anstehenden Haushaltsentwurf, sowie m\u00f6glichen Ma\u00dfnahmen zur nachhaltigen Verbesserung unserer finanziellen Situation auseinandergesetzt. Unser Ziel f\u00fcr den Haushalt 2027 ist klar: Wir [&hellip;]","og_url":"https:\/\/cdu-meerbusch.de\/en\/allgemein\/haushaltskonsolidierung-gemeinsam-fuer-einen-zukunftsfaehigen-haushalt\/","og_site_name":"CDU Meerbusch","article_published_time":"2026-09-03T13:39:34+00:00","article_modified_time":"2026-09-03T14:12:42+00:00","og_image":[{"width":700,"height":363,"url":"https:\/\/cdu-meerbusch.de\/wp-content\/uploads\/haushaltskonsolidierung.jpg","type":"image\/jpeg"}],"author":"@dm1n","schema":{"@context":"https:\/\/schema.org","@graph":[{"@type":"Article","@id":"https:\/\/cdu-meerbusch.de\/allgemein\/haushaltskonsolidierung-gemeinsam-fuer-einen-zukunftsfaehigen-haushalt\/#article","isPartOf":{"@id":"https:\/\/cdu-meerbusch.de\/allgemein\/haushaltskonsolidierung-gemeinsam-fuer-einen-zukunftsfaehigen-haushalt\/"},"author":{"name":"@dm1n","@id":"https:\/\/cdu-meerbusch.de\/#\/schema\/person\/a042ef2544ed318a235f2ad86e07549e"},"headline":"Haushaltskonsolidierung: Gemeinsam f\u00fcr einen zukunftsf\u00e4higen Haushalt","datePublished":"2026-09-03T13:39:34+00:00","dateModified":"2026-09-03T14:12:42+00:00","mainEntityOfPage":{"@id":"https:\/\/cdu-meerbusch.de\/allgemein\/haushaltskonsolidierung-gemeinsam-fuer-einen-zukunftsfaehigen-haushalt\/"},"wordCount":187,"publisher":{"@id":"https:\/\/cdu-meerbusch.de\/#organization"},"image":{"@id":"https:\/\/cdu-meerbusch.de\/allgemein\/haushaltskonsolidierung-gemeinsam-fuer-einen-zukunftsfaehigen-haushalt\/#primaryimage"},"thumbnailUrl":"https:\/\/cdu-meerbusch.de\/wp-content\/uploads\/haushaltskonsolidierung.jpg","articleSection":["Allgemein"],"inLanguage":"en-GB"},{"@type":"WebPage","@id":"https:\/\/cdu-meerbusch.de\/allgemein\/haushaltskonsolidierung-gemeinsam-fuer-einen-zukunftsfaehigen-haushalt\/","url":"https:\/\/cdu-meerbusch.de\/allgemein\/haushaltskonsolidierung-gemeinsam-fuer-einen-zukunftsfaehigen-haushalt\/","name":"Haushaltskonsolidierung: Gemeinsam f\u00fcr einen zukunftsf\u00e4higen Haushalt | CDU Meerbusch","isPartOf":{"@id":"https:\/\/cdu-meerbusch.de\/#website"},"primaryImageOfPage":{"@id":"https:\/\/cdu-meerbusch.de\/allgemein\/haushaltskonsolidierung-gemeinsam-fuer-einen-zukunftsfaehigen-haushalt\/#primaryimage"},"image":{"@id":"https:\/\/cdu-meerbusch.de\/allgemein\/haushaltskonsolidierung-gemeinsam-fuer-einen-zukunftsfaehigen-haushalt\/#primaryimage"},"thumbnailUrl":"https:\/\/cdu-meerbusch.de\/wp-content\/uploads\/haushaltskonsolidierung.jpg","datePublished":"2026-09-03T13:39:34+00:00","dateModified":"2026-09-03T14:12:42+00:00","breadcrumb":{"@id":"https:\/\/cdu-meerbusch.de\/allgemein\/haushaltskonsolidierung-gemeinsam-fuer-einen-zukunftsfaehigen-haushalt\/#breadcrumb"},"inLanguage":"en-GB","potentialAction":[{"@type":"ReadAction","target":["https:\/\/cdu-meerbusch.de\/allgemein\/haushaltskonsolidierung-gemeinsam-fuer-einen-zukunftsfaehigen-haushalt\/"]}]},{"@type":"ImageObject","inLanguage":"en-GB","@id":"https:\/\/cdu-meerbusch.de\/allgemein\/haushaltskonsolidierung-gemeinsam-fuer-einen-zukunftsfaehigen-haushalt\/#primaryimage","url":"https:\/\/cdu-meerbusch.de\/wp-content\/uploads\/haushaltskonsolidierung.jpg","contentUrl":"https:\/\/cdu-meerbusch.de\/wp-content\/uploads\/haushaltskonsolidierung.jpg","width":700,"height":363,"caption":"Haushaltskonsolidierung: Gemeinsam f\u00fcr einen zukunftsf\u00e4higen Haushalt"},{"@type":"BreadcrumbList","@id":"https:\/\/cdu-meerbusch.de\/allgemein\/haushaltskonsolidierung-gemeinsam-fuer-einen-zukunftsfaehigen-haushalt\/#breadcrumb","itemListElement":[{"@type":"ListItem","position":1,"name":"Startseite","item":"https:\/\/cdu-meerbusch.de\/"},{"@type":"ListItem","position":2,"name":"Haushaltskonsolidierung: Gemeinsam f\u00fcr einen zukunftsf\u00e4higen Haushalt"}]},{"@type":"WebSite","@id":"https:\/\/cdu-meerbusch.de\/#website","url":"https:\/\/cdu-meerbusch.de\/","name":"CDU Meerbusch","description":"Living well in Meerbusch","publisher":{"@id":"https:\/\/cdu-meerbusch.de\/#organization"},"alternateName":"CDU Meerbusch","potentialAction":[{"@type":"SearchAction","target":{"@type":"EntryPoint","urlTemplate":"https:\/\/cdu-meerbusch.de\/?s={search_term_string}"},"query-input":{"@type":"PropertyValueSpecification","valueRequired":true,"valueName":"search_term_string"}}],"inLanguage":"en-GB"},{"@type":"Organization","@id":"https:\/\/cdu-meerbusch.de\/#organization","name":"CDU Meerbusch","url":"https:\/\/cdu-meerbusch.de\/","logo":{"@type":"ImageObject","inLanguage":"en-GB","@id":"https:\/\/cdu-meerbusch.de\/#\/schema\/logo\/image\/","url":"https:\/\/cdu-meerbusch.de\/wp-content\/uploads\/cdu-gesamtlogo.png","contentUrl":"https:\/\/cdu-meerbusch.de\/wp-content\/uploads\/cdu-gesamtlogo.png","width":418,"height":120,"caption":"CDU Meerbusch"},"image":{"@id":"https:\/\/cdu-meerbusch.de\/#\/schema\/logo\/image\/"}},{"@type":"Person","@id":"https:\/\/cdu-meerbusch.de\/#\/schema\/person\/a042ef2544ed318a235f2ad86e07549e","name":"@dm1n","sameAs":["http:\/\/cdu-meerbusch.de"]}]}},"_links":{"self":[{"href":"https:\/\/cdu-meerbusch.de\/en\/wp-json\/wp\/v2\/posts\/7789","targetHints":{"allow":["GET"]}}],"collection":[{"href":"https:\/\/cdu-meerbusch.de\/en\/wp-json\/wp\/v2\/posts"}],"about":[{"href":"https:\/\/cdu-meerbusch.de\/en\/wp-json\/wp\/v2\/types\/post"}],"author":[{"embeddable":true,"href":"https:\/\/cdu-meerbusch.de\/en\/wp-json\/wp\/v2\/users\/1"}],"replies":[{"embeddable":true,"href":"https:\/\/cdu-meerbusch.de\/en\/wp-json\/wp\/v2\/comments?post=7789"}],"version-history":[{"count":2,"href":"https:\/\/cdu-meerbusch.de\/en\/wp-json\/wp\/v2\/posts\/7789\/revisions"}],"predecessor-version":[{"id":7791,"href":"https:\/\/cdu-meerbusch.de\/en\/wp-json\/wp\/v2\/posts\/7789\/revisions\/7791"}],"wp:featuredmedia":[{"embeddable":true,"href":"https:\/\/cdu-meerbusch.de\/en\/wp-json\/wp\/v2\/media\/7783"}],"wp:attachment":[{"href":"https:\/\/cdu-meerbusch.de\/en\/wp-json\/wp\/v2\/media?parent=7789"}],"wp:term":[{"taxonomy":"category","embeddable":true,"href":"https:\/\/cdu-meerbusch.de\/en\/wp-json\/wp\/v2\/categories?post=7789"},{"taxonomy":"post_tag","embeddable":true,"href":"https:\/\/cdu-meerbusch.de\/en\/wp-json\/wp\/v2\/tags?post=7789"}],"curies":[{"name":"wp","href":"https:\/\/api.w.org\/{rel}","templated":true}]}}