{"id":7787,"date":"2026-09-03T15:37:11","date_gmt":"2026-09-03T13:37:11","guid":{"rendered":"https:\/\/cdu-meerbusch.de\/?p=7787"},"modified":"2026-09-03T15:37:11","modified_gmt":"2026-09-03T13:37:11","slug":"einen-guten-start-ins-neue-schuljahr","status":"publish","type":"post","link":"https:\/\/cdu-meerbusch.de\/en\/allgemein\/einen-guten-start-ins-neue-schuljahr\/","title":{"rendered":"Einen guten Start ins neue Schuljahr!"},"content":{"rendered":"<p>Liebe Sch\u00fclerinnen und Sch\u00fcler, liebe Auszubildende,<\/p>\n<p>es geht wieder los: Das neue Schuljahr 2027\/2028 steht vor der T\u00fcr! Wir w\u00fcnschen euch einen tollen Start, viel Erfolg und vor allem ganz viel Freude beim Lernen, Entdecken und Ausprobieren.<\/p>\n<p>F\u00fcr das kommende Schuljahr dr\u00fccken wir euch die Daumen f\u00fcr spannende Erfahrungen, nette Begegnungen und nat\u00fcrlich jede Menge Erfolg \u2013 ganz egal, ob in der Schule, in der Ausbildung oder bei euren n\u00e4chsten pers\u00f6nlichen Zielen.<\/p>\n<p>Toi, toi, toi und alles Gute!<\/p>\n<p>Eure CDU-Meerbusch<\/p>","protected":false},"excerpt":{"rendered":"<p>Liebe Sch\u00fclerinnen und Sch\u00fcler, liebe Auszubildende, es geht wieder los: Das neue Schuljahr 2027\/2028 steht vor der T\u00fcr! Wir w\u00fcnschen euch einen tollen Start, viel Erfolg und vor allem ganz viel Freude beim Lernen, Entdecken und Ausprobieren. F\u00fcr das kommende Schuljahr dr\u00fccken wir euch die Daumen f\u00fcr spannende Erfahrungen, nette Begegnungen und nat\u00fcrlich jede Menge [&hellip;]<\/p>\n","protected":false},"author":1,"featured_media":7750,"comment_status":"closed","ping_status":"closed","sticky":false,"template":"","format":"standard","meta":{"footnotes":""},"categories":[1],"tags":[],"class_list":["post-7787","post","type-post","status-publish","format-standard","has-post-thumbnail","hentry","category-allgemein"],"yoast_head":"<!-- This site is optimized with the Yoast SEO plugin v28.3 - https:\/\/yoast.com\/product\/yoast-seo-wordpress\/ -->\n<title>Einen guten Start ins neue Schuljahr! | CDU Meerbusch<\/title>\n<meta name=\"robots\" content=\"index, follow, max-snippet:-1, max-image-preview:large, max-video-preview:-1\" \/>\n<link rel=\"canonical\" href=\"https:\/\/cdu-meerbusch.de\/en\/allgemein\/einen-guten-start-ins-neue-schuljahr\/\" \/>\n<meta property=\"og:locale\" content=\"en_GB\" \/>\n<meta property=\"og:type\" content=\"article\" \/>\n<meta property=\"og:title\" content=\"Einen guten Start ins neue Schuljahr! | CDU Meerbusch\" \/>\n<meta property=\"og:description\" content=\"Liebe Sch\u00fclerinnen und Sch\u00fcler, liebe Auszubildende, es geht wieder los: Das neue Schuljahr 2027\/2028 steht vor der T\u00fcr! Wir w\u00fcnschen euch einen tollen Start, viel Erfolg und vor allem ganz viel Freude beim Lernen, Entdecken und Ausprobieren. F\u00fcr das kommende Schuljahr dr\u00fccken wir euch die Daumen f\u00fcr spannende Erfahrungen, nette Begegnungen und nat\u00fcrlich jede Menge [&hellip;]\" \/>\n<meta property=\"og:url\" content=\"https:\/\/cdu-meerbusch.de\/en\/allgemein\/einen-guten-start-ins-neue-schuljahr\/\" \/>\n<meta property=\"og:site_name\" content=\"CDU Meerbusch\" \/>\n<meta property=\"article:published_time\" content=\"2026-09-03T13:37:11+00:00\" \/>\n<meta property=\"og:image\" content=\"https:\/\/cdu-meerbusch.de\/wp-content\/uploads\/bauliche-entwicklung-unserer-weiterfuehrenden-schulen-auf-den-weg-gebracht.jpg\" \/>\n\t<meta property=\"og:image:width\" content=\"627\" \/>\n\t<meta property=\"og:image:height\" content=\"420\" \/>\n\t<meta property=\"og:image:type\" content=\"image\/jpeg\" \/>\n<meta name=\"author\" content=\"@dm1n\" \/>\n<script type=\"application\/ld+json\" class=\"yoast-schema-graph\">{\"@context\":\"https:\\\/\\\/schema.org\",\"@graph\":[{\"@type\":\"Article\",\"@id\":\"https:\\\/\\\/cdu-meerbusch.de\\\/allgemein\\\/einen-guten-start-ins-neue-schuljahr\\\/#article\",\"isPartOf\":{\"@id\":\"https:\\\/\\\/cdu-meerbusch.de\\\/allgemein\\\/einen-guten-start-ins-neue-schuljahr\\\/\"},\"author\":{\"name\":\"@dm1n\",\"@id\":\"https:\\\/\\\/cdu-meerbusch.de\\\/#\\\/schema\\\/person\\\/a042ef2544ed318a235f2ad86e07549e\"},\"headline\":\"Einen guten Start ins neue Schuljahr!\",\"datePublished\":\"2026-09-03T13:37:11+00:00\",\"mainEntityOfPage\":{\"@id\":\"https:\\\/\\\/cdu-meerbusch.de\\\/allgemein\\\/einen-guten-start-ins-neue-schuljahr\\\/\"},\"wordCount\":94,\"publisher\":{\"@id\":\"https:\\\/\\\/cdu-meerbusch.de\\\/#organization\"},\"image\":{\"@id\":\"https:\\\/\\\/cdu-meerbusch.de\\\/allgemein\\\/einen-guten-start-ins-neue-schuljahr\\\/#primaryimage\"},\"thumbnailUrl\":\"https:\\\/\\\/cdu-meerbusch.de\\\/wp-content\\\/uploads\\\/bauliche-entwicklung-unserer-weiterfuehrenden-schulen-auf-den-weg-gebracht.jpg\",\"articleSection\":[\"Allgemein\"],\"inLanguage\":\"en-GB\"},{\"@type\":\"WebPage\",\"@id\":\"https:\\\/\\\/cdu-meerbusch.de\\\/allgemein\\\/einen-guten-start-ins-neue-schuljahr\\\/\",\"url\":\"https:\\\/\\\/cdu-meerbusch.de\\\/allgemein\\\/einen-guten-start-ins-neue-schuljahr\\\/\",\"name\":\"Einen guten Start ins neue Schuljahr! | CDU Meerbusch\",\"isPartOf\":{\"@id\":\"https:\\\/\\\/cdu-meerbusch.de\\\/#website\"},\"primaryImageOfPage\":{\"@id\":\"https:\\\/\\\/cdu-meerbusch.de\\\/allgemein\\\/einen-guten-start-ins-neue-schuljahr\\\/#primaryimage\"},\"image\":{\"@id\":\"https:\\\/\\\/cdu-meerbusch.de\\\/allgemein\\\/einen-guten-start-ins-neue-schuljahr\\\/#primaryimage\"},\"thumbnailUrl\":\"https:\\\/\\\/cdu-meerbusch.de\\\/wp-content\\\/uploads\\\/bauliche-entwicklung-unserer-weiterfuehrenden-schulen-auf-den-weg-gebracht.jpg\",\"datePublished\":\"2026-09-03T13:37:11+00:00\",\"breadcrumb\":{\"@id\":\"https:\\\/\\\/cdu-meerbusch.de\\\/allgemein\\\/einen-guten-start-ins-neue-schuljahr\\\/#breadcrumb\"},\"inLanguage\":\"en-GB\",\"potentialAction\":[{\"@type\":\"ReadAction\",\"target\":[\"https:\\\/\\\/cdu-meerbusch.de\\\/allgemein\\\/einen-guten-start-ins-neue-schuljahr\\\/\"]}]},{\"@type\":\"ImageObject\",\"inLanguage\":\"en-GB\",\"@id\":\"https:\\\/\\\/cdu-meerbusch.de\\\/allgemein\\\/einen-guten-start-ins-neue-schuljahr\\\/#primaryimage\",\"url\":\"https:\\\/\\\/cdu-meerbusch.de\\\/wp-content\\\/uploads\\\/bauliche-entwicklung-unserer-weiterfuehrenden-schulen-auf-den-weg-gebracht.jpg\",\"contentUrl\":\"https:\\\/\\\/cdu-meerbusch.de\\\/wp-content\\\/uploads\\\/bauliche-entwicklung-unserer-weiterfuehrenden-schulen-auf-den-weg-gebracht.jpg\",\"width\":627,\"height\":420,\"caption\":\"Bauliche Entwicklung unserer weiterf\u00fchrenden Schulen auf den Weg gebracht!\"},{\"@type\":\"BreadcrumbList\",\"@id\":\"https:\\\/\\\/cdu-meerbusch.de\\\/allgemein\\\/einen-guten-start-ins-neue-schuljahr\\\/#breadcrumb\",\"itemListElement\":[{\"@type\":\"ListItem\",\"position\":1,\"name\":\"Startseite\",\"item\":\"https:\\\/\\\/cdu-meerbusch.de\\\/\"},{\"@type\":\"ListItem\",\"position\":2,\"name\":\"Einen guten Start ins neue Schuljahr!\"}]},{\"@type\":\"WebSite\",\"@id\":\"https:\\\/\\\/cdu-meerbusch.de\\\/#website\",\"url\":\"https:\\\/\\\/cdu-meerbusch.de\\\/\",\"name\":\"CDU Meerbusch\",\"description\":\"gut Leben in Meerbusch\",\"publisher\":{\"@id\":\"https:\\\/\\\/cdu-meerbusch.de\\\/#organization\"},\"alternateName\":\"CDU Meerbusch\",\"potentialAction\":[{\"@type\":\"SearchAction\",\"target\":{\"@type\":\"EntryPoint\",\"urlTemplate\":\"https:\\\/\\\/cdu-meerbusch.de\\\/?s={search_term_string}\"},\"query-input\":{\"@type\":\"PropertyValueSpecification\",\"valueRequired\":true,\"valueName\":\"search_term_string\"}}],\"inLanguage\":\"en-GB\"},{\"@type\":\"Organization\",\"@id\":\"https:\\\/\\\/cdu-meerbusch.de\\\/#organization\",\"name\":\"CDU Meerbusch\",\"url\":\"https:\\\/\\\/cdu-meerbusch.de\\\/\",\"logo\":{\"@type\":\"ImageObject\",\"inLanguage\":\"en-GB\",\"@id\":\"https:\\\/\\\/cdu-meerbusch.de\\\/#\\\/schema\\\/logo\\\/image\\\/\",\"url\":\"https:\\\/\\\/cdu-meerbusch.de\\\/wp-content\\\/uploads\\\/cdu-gesamtlogo.png\",\"contentUrl\":\"https:\\\/\\\/cdu-meerbusch.de\\\/wp-content\\\/uploads\\\/cdu-gesamtlogo.png\",\"width\":418,\"height\":120,\"caption\":\"CDU Meerbusch\"},\"image\":{\"@id\":\"https:\\\/\\\/cdu-meerbusch.de\\\/#\\\/schema\\\/logo\\\/image\\\/\"}},{\"@type\":\"Person\",\"@id\":\"https:\\\/\\\/cdu-meerbusch.de\\\/#\\\/schema\\\/person\\\/a042ef2544ed318a235f2ad86e07549e\",\"name\":\"@dm1n\",\"sameAs\":[\"http:\\\/\\\/cdu-meerbusch.de\"]}]}<\/script>\n<!-- \/ Yoast SEO plugin. -->","yoast_head_json":{"title":"Einen guten Start ins neue Schuljahr! | CDU Meerbusch","robots":{"index":"index","follow":"follow","max-snippet":"max-snippet:-1","max-image-preview":"max-image-preview:large","max-video-preview":"max-video-preview:-1"},"canonical":"https:\/\/cdu-meerbusch.de\/en\/allgemein\/einen-guten-start-ins-neue-schuljahr\/","og_locale":"en_GB","og_type":"article","og_title":"Einen guten Start ins neue Schuljahr! | CDU Meerbusch","og_description":"Liebe Sch\u00fclerinnen und Sch\u00fcler, liebe Auszubildende, es geht wieder los: Das neue Schuljahr 2027\/2028 steht vor der T\u00fcr! Wir w\u00fcnschen euch einen tollen Start, viel Erfolg und vor allem ganz viel Freude beim Lernen, Entdecken und Ausprobieren. F\u00fcr das kommende Schuljahr dr\u00fccken wir euch die Daumen f\u00fcr spannende Erfahrungen, nette Begegnungen und nat\u00fcrlich jede Menge [&hellip;]","og_url":"https:\/\/cdu-meerbusch.de\/en\/allgemein\/einen-guten-start-ins-neue-schuljahr\/","og_site_name":"CDU Meerbusch","article_published_time":"2026-09-03T13:37:11+00:00","og_image":[{"width":627,"height":420,"url":"https:\/\/cdu-meerbusch.de\/wp-content\/uploads\/bauliche-entwicklung-unserer-weiterfuehrenden-schulen-auf-den-weg-gebracht.jpg","type":"image\/jpeg"}],"author":"@dm1n","schema":{"@context":"https:\/\/schema.org","@graph":[{"@type":"Article","@id":"https:\/\/cdu-meerbusch.de\/allgemein\/einen-guten-start-ins-neue-schuljahr\/#article","isPartOf":{"@id":"https:\/\/cdu-meerbusch.de\/allgemein\/einen-guten-start-ins-neue-schuljahr\/"},"author":{"name":"@dm1n","@id":"https:\/\/cdu-meerbusch.de\/#\/schema\/person\/a042ef2544ed318a235f2ad86e07549e"},"headline":"Einen guten Start ins neue Schuljahr!","datePublished":"2026-09-03T13:37:11+00:00","mainEntityOfPage":{"@id":"https:\/\/cdu-meerbusch.de\/allgemein\/einen-guten-start-ins-neue-schuljahr\/"},"wordCount":94,"publisher":{"@id":"https:\/\/cdu-meerbusch.de\/#organization"},"image":{"@id":"https:\/\/cdu-meerbusch.de\/allgemein\/einen-guten-start-ins-neue-schuljahr\/#primaryimage"},"thumbnailUrl":"https:\/\/cdu-meerbusch.de\/wp-content\/uploads\/bauliche-entwicklung-unserer-weiterfuehrenden-schulen-auf-den-weg-gebracht.jpg","articleSection":["Allgemein"],"inLanguage":"en-GB"},{"@type":"WebPage","@id":"https:\/\/cdu-meerbusch.de\/allgemein\/einen-guten-start-ins-neue-schuljahr\/","url":"https:\/\/cdu-meerbusch.de\/allgemein\/einen-guten-start-ins-neue-schuljahr\/","name":"Einen guten Start ins neue Schuljahr! | CDU Meerbusch","isPartOf":{"@id":"https:\/\/cdu-meerbusch.de\/#website"},"primaryImageOfPage":{"@id":"https:\/\/cdu-meerbusch.de\/allgemein\/einen-guten-start-ins-neue-schuljahr\/#primaryimage"},"image":{"@id":"https:\/\/cdu-meerbusch.de\/allgemein\/einen-guten-start-ins-neue-schuljahr\/#primaryimage"},"thumbnailUrl":"https:\/\/cdu-meerbusch.de\/wp-content\/uploads\/bauliche-entwicklung-unserer-weiterfuehrenden-schulen-auf-den-weg-gebracht.jpg","datePublished":"2026-09-03T13:37:11+00:00","breadcrumb":{"@id":"https:\/\/cdu-meerbusch.de\/allgemein\/einen-guten-start-ins-neue-schuljahr\/#breadcrumb"},"inLanguage":"en-GB","potentialAction":[{"@type":"ReadAction","target":["https:\/\/cdu-meerbusch.de\/allgemein\/einen-guten-start-ins-neue-schuljahr\/"]}]},{"@type":"ImageObject","inLanguage":"en-GB","@id":"https:\/\/cdu-meerbusch.de\/allgemein\/einen-guten-start-ins-neue-schuljahr\/#primaryimage","url":"https:\/\/cdu-meerbusch.de\/wp-content\/uploads\/bauliche-entwicklung-unserer-weiterfuehrenden-schulen-auf-den-weg-gebracht.jpg","contentUrl":"https:\/\/cdu-meerbusch.de\/wp-content\/uploads\/bauliche-entwicklung-unserer-weiterfuehrenden-schulen-auf-den-weg-gebracht.jpg","width":627,"height":420,"caption":"Bauliche Entwicklung unserer weiterf\u00fchrenden Schulen auf den Weg gebracht!"},{"@type":"BreadcrumbList","@id":"https:\/\/cdu-meerbusch.de\/allgemein\/einen-guten-start-ins-neue-schuljahr\/#breadcrumb","itemListElement":[{"@type":"ListItem","position":1,"name":"Startseite","item":"https:\/\/cdu-meerbusch.de\/"},{"@type":"ListItem","position":2,"name":"Einen guten Start ins neue Schuljahr!"}]},{"@type":"WebSite","@id":"https:\/\/cdu-meerbusch.de\/#website","url":"https:\/\/cdu-meerbusch.de\/","name":"CDU Meerbusch","description":"Living well in Meerbusch","publisher":{"@id":"https:\/\/cdu-meerbusch.de\/#organization"},"alternateName":"CDU Meerbusch","potentialAction":[{"@type":"SearchAction","target":{"@type":"EntryPoint","urlTemplate":"https:\/\/cdu-meerbusch.de\/?s={search_term_string}"},"query-input":{"@type":"PropertyValueSpecification","valueRequired":true,"valueName":"search_term_string"}}],"inLanguage":"en-GB"},{"@type":"Organization","@id":"https:\/\/cdu-meerbusch.de\/#organization","name":"CDU Meerbusch","url":"https:\/\/cdu-meerbusch.de\/","logo":{"@type":"ImageObject","inLanguage":"en-GB","@id":"https:\/\/cdu-meerbusch.de\/#\/schema\/logo\/image\/","url":"https:\/\/cdu-meerbusch.de\/wp-content\/uploads\/cdu-gesamtlogo.png","contentUrl":"https:\/\/cdu-meerbusch.de\/wp-content\/uploads\/cdu-gesamtlogo.png","width":418,"height":120,"caption":"CDU Meerbusch"},"image":{"@id":"https:\/\/cdu-meerbusch.de\/#\/schema\/logo\/image\/"}},{"@type":"Person","@id":"https:\/\/cdu-meerbusch.de\/#\/schema\/person\/a042ef2544ed318a235f2ad86e07549e","name":"@dm1n","sameAs":["http:\/\/cdu-meerbusch.de"]}]}},"_links":{"self":[{"href":"https:\/\/cdu-meerbusch.de\/en\/wp-json\/wp\/v2\/posts\/7787","targetHints":{"allow":["GET"]}}],"collection":[{"href":"https:\/\/cdu-meerbusch.de\/en\/wp-json\/wp\/v2\/posts"}],"about":[{"href":"https:\/\/cdu-meerbusch.de\/en\/wp-json\/wp\/v2\/types\/post"}],"author":[{"embeddable":true,"href":"https:\/\/cdu-meerbusch.de\/en\/wp-json\/wp\/v2\/users\/1"}],"replies":[{"embeddable":true,"href":"https:\/\/cdu-meerbusch.de\/en\/wp-json\/wp\/v2\/comments?post=7787"}],"version-history":[{"count":1,"href":"https:\/\/cdu-meerbusch.de\/en\/wp-json\/wp\/v2\/posts\/7787\/revisions"}],"predecessor-version":[{"id":7788,"href":"https:\/\/cdu-meerbusch.de\/en\/wp-json\/wp\/v2\/posts\/7787\/revisions\/7788"}],"wp:featuredmedia":[{"embeddable":true,"href":"https:\/\/cdu-meerbusch.de\/en\/wp-json\/wp\/v2\/media\/7750"}],"wp:attachment":[{"href":"https:\/\/cdu-meerbusch.de\/en\/wp-json\/wp\/v2\/media?parent=7787"}],"wp:term":[{"taxonomy":"category","embeddable":true,"href":"https:\/\/cdu-meerbusch.de\/en\/wp-json\/wp\/v2\/categories?post=7787"},{"taxonomy":"post_tag","embeddable":true,"href":"https:\/\/cdu-meerbusch.de\/en\/wp-json\/wp\/v2\/tags?post=7787"}],"curies":[{"name":"wp","href":"https:\/\/api.w.org\/{rel}","templated":true}]}}