{"id":7780,"date":"2026-09-03T15:30:29","date_gmt":"2026-09-03T13:30:29","guid":{"rendered":"https:\/\/cdu-meerbusch.de\/?p=7780"},"modified":"2026-09-04T08:58:16","modified_gmt":"2026-09-04T06:58:16","slug":"bahnunterfuehrung-in-osterath-endlich-geht-es-weiter","status":"publish","type":"post","link":"https:\/\/cdu-meerbusch.de\/en\/allgemein\/bahnunterfuehrung-in-osterath-endlich-geht-es-weiter\/","title":{"rendered":"Bahnunterf\u00fchrung in Osterath: Endlich geht es weiter!"},"content":{"rendered":"<p>Die Bahnunterf\u00fchrung in Osterath besch\u00e4ftigt uns nun schon seit geraumer Zeit \u2013 um nicht zu sagen seit Jahren und Jahrzehnten.<\/p>\n<p>Umso mehr freuen wir uns, dass nun wieder Bewegung in das Projekt kommt. Nach einem l\u00e4ngeren Stillstand geht es Mitte Oktober weiter.<\/p>\n<p>Die ersten Vorbereitungen von Stra\u00dfen NRW laufen bereits, Baustellenampeln wurden installiert und die Baustelle wird nun sukzessive, St\u00fcck f\u00fcr St\u00fcck eingerichtet.<br \/>\nWas wird in diesem Abschnitt gebaut?<\/p>\n<p>Der bisherige provisorische Kreisverkehr auf der Bahnhofstra\u00dfe wird zur\u00fcckgenommen und die ersten Tr\u00f6ge f\u00fcr den Verkehr werden gebaut. Begonnen wird auf der Osterather Seite der Gleise, in Fahrtrichtung S\u00fcden, mit den Tr\u00f6gen f\u00fcr den MIV (motorisierter Individual Verkehr).<\/p>\n<p>Das wird sicherlich zu Beeintr\u00e4chtigungen f\u00fcr alle Verkehrsteilnehmer f\u00fchren. Wir vertrauen darauf, dass die Verwaltung hier gute und praktikable L\u00f6sungen f\u00fcr uns Meerbuscher gefunden hat und die Auswirkungen so gering wie m\u00f6glich gehalten werden k\u00f6nnen.<\/p>\n<p>Your CDU-Meerbusch<\/p>","protected":false},"excerpt":{"rendered":"<p>Die Bahnunterf\u00fchrung in Osterath besch\u00e4ftigt uns nun schon seit geraumer Zeit \u2013 um nicht zu sagen seit Jahren und Jahrzehnten. Umso mehr freuen wir uns, dass nun wieder Bewegung in das Projekt kommt. Nach einem l\u00e4ngeren Stillstand geht es Mitte Oktober weiter. Die ersten Vorbereitungen von Stra\u00dfen NRW laufen bereits, Baustellenampeln wurden installiert und die [&hellip;]<\/p>\n","protected":false},"author":1,"featured_media":7691,"comment_status":"closed","ping_status":"closed","sticky":false,"template":"","format":"standard","meta":{"footnotes":""},"categories":[1],"tags":[],"class_list":["post-7780","post","type-post","status-publish","format-standard","has-post-thumbnail","hentry","category-allgemein"],"yoast_head":"<!-- This site is optimized with the Yoast SEO plugin v28.3 - https:\/\/yoast.com\/product\/yoast-seo-wordpress\/ -->\n<title>Bahnunterf\u00fchrung in Osterath: Endlich geht es weiter! | CDU Meerbusch<\/title>\n<meta name=\"robots\" content=\"index, follow, max-snippet:-1, max-image-preview:large, max-video-preview:-1\" \/>\n<link rel=\"canonical\" href=\"https:\/\/cdu-meerbusch.de\/en\/allgemein\/bahnunterfuehrung-in-osterath-endlich-geht-es-weiter\/\" \/>\n<meta property=\"og:locale\" content=\"en_GB\" \/>\n<meta property=\"og:type\" content=\"article\" \/>\n<meta property=\"og:title\" content=\"Bahnunterf\u00fchrung in Osterath: Endlich geht es weiter! | CDU Meerbusch\" \/>\n<meta property=\"og:description\" content=\"Die Bahnunterf\u00fchrung in Osterath besch\u00e4ftigt uns nun schon seit geraumer Zeit \u2013 um nicht zu sagen seit Jahren und Jahrzehnten. Umso mehr freuen wir uns, dass nun wieder Bewegung in das Projekt kommt. Nach einem l\u00e4ngeren Stillstand geht es Mitte Oktober weiter. Die ersten Vorbereitungen von Stra\u00dfen NRW laufen bereits, Baustellenampeln wurden installiert und die [&hellip;]\" \/>\n<meta property=\"og:url\" content=\"https:\/\/cdu-meerbusch.de\/en\/allgemein\/bahnunterfuehrung-in-osterath-endlich-geht-es-weiter\/\" \/>\n<meta property=\"og:site_name\" content=\"CDU Meerbusch\" \/>\n<meta property=\"article:published_time\" content=\"2026-09-03T13:30:29+00:00\" \/>\n<meta property=\"article:modified_time\" content=\"2026-09-04T06:58:16+00:00\" \/>\n<meta property=\"og:image\" content=\"https:\/\/cdu-meerbusch.de\/wp-content\/uploads\/mehr-freiheit-fuer-osterath-gestaltungssatzungen-modernisieren-1.jpg\" \/>\n\t<meta property=\"og:image:width\" content=\"1768\" \/>\n\t<meta property=\"og:image:height\" content=\"890\" \/>\n\t<meta property=\"og:image:type\" content=\"image\/jpeg\" \/>\n<meta name=\"author\" content=\"@dm1n\" \/>\n<script type=\"application\/ld+json\" class=\"yoast-schema-graph\">{\"@context\":\"https:\\\/\\\/schema.org\",\"@graph\":[{\"@type\":\"Article\",\"@id\":\"https:\\\/\\\/cdu-meerbusch.de\\\/allgemein\\\/bahnunterfuehrung-in-osterath-endlich-geht-es-weiter\\\/#article\",\"isPartOf\":{\"@id\":\"https:\\\/\\\/cdu-meerbusch.de\\\/allgemein\\\/bahnunterfuehrung-in-osterath-endlich-geht-es-weiter\\\/\"},\"author\":{\"name\":\"@dm1n\",\"@id\":\"https:\\\/\\\/cdu-meerbusch.de\\\/#\\\/schema\\\/person\\\/a042ef2544ed318a235f2ad86e07549e\"},\"headline\":\"Bahnunterf\u00fchrung in Osterath: Endlich geht es weiter!\",\"datePublished\":\"2026-09-03T13:30:29+00:00\",\"dateModified\":\"2026-09-04T06:58:16+00:00\",\"mainEntityOfPage\":{\"@id\":\"https:\\\/\\\/cdu-meerbusch.de\\\/allgemein\\\/bahnunterfuehrung-in-osterath-endlich-geht-es-weiter\\\/\"},\"wordCount\":172,\"publisher\":{\"@id\":\"https:\\\/\\\/cdu-meerbusch.de\\\/#organization\"},\"image\":{\"@id\":\"https:\\\/\\\/cdu-meerbusch.de\\\/allgemein\\\/bahnunterfuehrung-in-osterath-endlich-geht-es-weiter\\\/#primaryimage\"},\"thumbnailUrl\":\"https:\\\/\\\/cdu-meerbusch.de\\\/wp-content\\\/uploads\\\/mehr-freiheit-fuer-osterath-gestaltungssatzungen-modernisieren-1.jpg\",\"articleSection\":[\"Allgemein\"],\"inLanguage\":\"en-GB\"},{\"@type\":\"WebPage\",\"@id\":\"https:\\\/\\\/cdu-meerbusch.de\\\/allgemein\\\/bahnunterfuehrung-in-osterath-endlich-geht-es-weiter\\\/\",\"url\":\"https:\\\/\\\/cdu-meerbusch.de\\\/allgemein\\\/bahnunterfuehrung-in-osterath-endlich-geht-es-weiter\\\/\",\"name\":\"Bahnunterf\u00fchrung in Osterath: Endlich geht es weiter! | CDU Meerbusch\",\"isPartOf\":{\"@id\":\"https:\\\/\\\/cdu-meerbusch.de\\\/#website\"},\"primaryImageOfPage\":{\"@id\":\"https:\\\/\\\/cdu-meerbusch.de\\\/allgemein\\\/bahnunterfuehrung-in-osterath-endlich-geht-es-weiter\\\/#primaryimage\"},\"image\":{\"@id\":\"https:\\\/\\\/cdu-meerbusch.de\\\/allgemein\\\/bahnunterfuehrung-in-osterath-endlich-geht-es-weiter\\\/#primaryimage\"},\"thumbnailUrl\":\"https:\\\/\\\/cdu-meerbusch.de\\\/wp-content\\\/uploads\\\/mehr-freiheit-fuer-osterath-gestaltungssatzungen-modernisieren-1.jpg\",\"datePublished\":\"2026-09-03T13:30:29+00:00\",\"dateModified\":\"2026-09-04T06:58:16+00:00\",\"breadcrumb\":{\"@id\":\"https:\\\/\\\/cdu-meerbusch.de\\\/allgemein\\\/bahnunterfuehrung-in-osterath-endlich-geht-es-weiter\\\/#breadcrumb\"},\"inLanguage\":\"en-GB\",\"potentialAction\":[{\"@type\":\"ReadAction\",\"target\":[\"https:\\\/\\\/cdu-meerbusch.de\\\/allgemein\\\/bahnunterfuehrung-in-osterath-endlich-geht-es-weiter\\\/\"]}]},{\"@type\":\"ImageObject\",\"inLanguage\":\"en-GB\",\"@id\":\"https:\\\/\\\/cdu-meerbusch.de\\\/allgemein\\\/bahnunterfuehrung-in-osterath-endlich-geht-es-weiter\\\/#primaryimage\",\"url\":\"https:\\\/\\\/cdu-meerbusch.de\\\/wp-content\\\/uploads\\\/mehr-freiheit-fuer-osterath-gestaltungssatzungen-modernisieren-1.jpg\",\"contentUrl\":\"https:\\\/\\\/cdu-meerbusch.de\\\/wp-content\\\/uploads\\\/mehr-freiheit-fuer-osterath-gestaltungssatzungen-modernisieren-1.jpg\",\"width\":1768,\"height\":890},{\"@type\":\"BreadcrumbList\",\"@id\":\"https:\\\/\\\/cdu-meerbusch.de\\\/allgemein\\\/bahnunterfuehrung-in-osterath-endlich-geht-es-weiter\\\/#breadcrumb\",\"itemListElement\":[{\"@type\":\"ListItem\",\"position\":1,\"name\":\"Startseite\",\"item\":\"https:\\\/\\\/cdu-meerbusch.de\\\/\"},{\"@type\":\"ListItem\",\"position\":2,\"name\":\"Bahnunterf\u00fchrung in Osterath: Endlich geht es weiter!\"}]},{\"@type\":\"WebSite\",\"@id\":\"https:\\\/\\\/cdu-meerbusch.de\\\/#website\",\"url\":\"https:\\\/\\\/cdu-meerbusch.de\\\/\",\"name\":\"CDU Meerbusch\",\"description\":\"gut Leben in Meerbusch\",\"publisher\":{\"@id\":\"https:\\\/\\\/cdu-meerbusch.de\\\/#organization\"},\"alternateName\":\"CDU Meerbusch\",\"potentialAction\":[{\"@type\":\"SearchAction\",\"target\":{\"@type\":\"EntryPoint\",\"urlTemplate\":\"https:\\\/\\\/cdu-meerbusch.de\\\/?s={search_term_string}\"},\"query-input\":{\"@type\":\"PropertyValueSpecification\",\"valueRequired\":true,\"valueName\":\"search_term_string\"}}],\"inLanguage\":\"en-GB\"},{\"@type\":\"Organization\",\"@id\":\"https:\\\/\\\/cdu-meerbusch.de\\\/#organization\",\"name\":\"CDU Meerbusch\",\"url\":\"https:\\\/\\\/cdu-meerbusch.de\\\/\",\"logo\":{\"@type\":\"ImageObject\",\"inLanguage\":\"en-GB\",\"@id\":\"https:\\\/\\\/cdu-meerbusch.de\\\/#\\\/schema\\\/logo\\\/image\\\/\",\"url\":\"https:\\\/\\\/cdu-meerbusch.de\\\/wp-content\\\/uploads\\\/cdu-gesamtlogo.png\",\"contentUrl\":\"https:\\\/\\\/cdu-meerbusch.de\\\/wp-content\\\/uploads\\\/cdu-gesamtlogo.png\",\"width\":418,\"height\":120,\"caption\":\"CDU Meerbusch\"},\"image\":{\"@id\":\"https:\\\/\\\/cdu-meerbusch.de\\\/#\\\/schema\\\/logo\\\/image\\\/\"}},{\"@type\":\"Person\",\"@id\":\"https:\\\/\\\/cdu-meerbusch.de\\\/#\\\/schema\\\/person\\\/a042ef2544ed318a235f2ad86e07549e\",\"name\":\"@dm1n\",\"sameAs\":[\"http:\\\/\\\/cdu-meerbusch.de\"]}]}<\/script>\n<!-- \/ Yoast SEO plugin. -->","yoast_head_json":{"title":"Bahnunterf\u00fchrung in Osterath: Endlich geht es weiter! | CDU Meerbusch","robots":{"index":"index","follow":"follow","max-snippet":"max-snippet:-1","max-image-preview":"max-image-preview:large","max-video-preview":"max-video-preview:-1"},"canonical":"https:\/\/cdu-meerbusch.de\/en\/allgemein\/bahnunterfuehrung-in-osterath-endlich-geht-es-weiter\/","og_locale":"en_GB","og_type":"article","og_title":"Bahnunterf\u00fchrung in Osterath: Endlich geht es weiter! | CDU Meerbusch","og_description":"Die Bahnunterf\u00fchrung in Osterath besch\u00e4ftigt uns nun schon seit geraumer Zeit \u2013 um nicht zu sagen seit Jahren und Jahrzehnten. Umso mehr freuen wir uns, dass nun wieder Bewegung in das Projekt kommt. Nach einem l\u00e4ngeren Stillstand geht es Mitte Oktober weiter. Die ersten Vorbereitungen von Stra\u00dfen NRW laufen bereits, Baustellenampeln wurden installiert und die [&hellip;]","og_url":"https:\/\/cdu-meerbusch.de\/en\/allgemein\/bahnunterfuehrung-in-osterath-endlich-geht-es-weiter\/","og_site_name":"CDU Meerbusch","article_published_time":"2026-09-03T13:30:29+00:00","article_modified_time":"2026-09-04T06:58:16+00:00","og_image":[{"width":1768,"height":890,"url":"https:\/\/cdu-meerbusch.de\/wp-content\/uploads\/mehr-freiheit-fuer-osterath-gestaltungssatzungen-modernisieren-1.jpg","type":"image\/jpeg"}],"author":"@dm1n","schema":{"@context":"https:\/\/schema.org","@graph":[{"@type":"Article","@id":"https:\/\/cdu-meerbusch.de\/allgemein\/bahnunterfuehrung-in-osterath-endlich-geht-es-weiter\/#article","isPartOf":{"@id":"https:\/\/cdu-meerbusch.de\/allgemein\/bahnunterfuehrung-in-osterath-endlich-geht-es-weiter\/"},"author":{"name":"@dm1n","@id":"https:\/\/cdu-meerbusch.de\/#\/schema\/person\/a042ef2544ed318a235f2ad86e07549e"},"headline":"Bahnunterf\u00fchrung in Osterath: Endlich geht es weiter!","datePublished":"2026-09-03T13:30:29+00:00","dateModified":"2026-09-04T06:58:16+00:00","mainEntityOfPage":{"@id":"https:\/\/cdu-meerbusch.de\/allgemein\/bahnunterfuehrung-in-osterath-endlich-geht-es-weiter\/"},"wordCount":172,"publisher":{"@id":"https:\/\/cdu-meerbusch.de\/#organization"},"image":{"@id":"https:\/\/cdu-meerbusch.de\/allgemein\/bahnunterfuehrung-in-osterath-endlich-geht-es-weiter\/#primaryimage"},"thumbnailUrl":"https:\/\/cdu-meerbusch.de\/wp-content\/uploads\/mehr-freiheit-fuer-osterath-gestaltungssatzungen-modernisieren-1.jpg","articleSection":["Allgemein"],"inLanguage":"en-GB"},{"@type":"WebPage","@id":"https:\/\/cdu-meerbusch.de\/allgemein\/bahnunterfuehrung-in-osterath-endlich-geht-es-weiter\/","url":"https:\/\/cdu-meerbusch.de\/allgemein\/bahnunterfuehrung-in-osterath-endlich-geht-es-weiter\/","name":"Bahnunterf\u00fchrung in Osterath: Endlich geht es weiter! | CDU Meerbusch","isPartOf":{"@id":"https:\/\/cdu-meerbusch.de\/#website"},"primaryImageOfPage":{"@id":"https:\/\/cdu-meerbusch.de\/allgemein\/bahnunterfuehrung-in-osterath-endlich-geht-es-weiter\/#primaryimage"},"image":{"@id":"https:\/\/cdu-meerbusch.de\/allgemein\/bahnunterfuehrung-in-osterath-endlich-geht-es-weiter\/#primaryimage"},"thumbnailUrl":"https:\/\/cdu-meerbusch.de\/wp-content\/uploads\/mehr-freiheit-fuer-osterath-gestaltungssatzungen-modernisieren-1.jpg","datePublished":"2026-09-03T13:30:29+00:00","dateModified":"2026-09-04T06:58:16+00:00","breadcrumb":{"@id":"https:\/\/cdu-meerbusch.de\/allgemein\/bahnunterfuehrung-in-osterath-endlich-geht-es-weiter\/#breadcrumb"},"inLanguage":"en-GB","potentialAction":[{"@type":"ReadAction","target":["https:\/\/cdu-meerbusch.de\/allgemein\/bahnunterfuehrung-in-osterath-endlich-geht-es-weiter\/"]}]},{"@type":"ImageObject","inLanguage":"en-GB","@id":"https:\/\/cdu-meerbusch.de\/allgemein\/bahnunterfuehrung-in-osterath-endlich-geht-es-weiter\/#primaryimage","url":"https:\/\/cdu-meerbusch.de\/wp-content\/uploads\/mehr-freiheit-fuer-osterath-gestaltungssatzungen-modernisieren-1.jpg","contentUrl":"https:\/\/cdu-meerbusch.de\/wp-content\/uploads\/mehr-freiheit-fuer-osterath-gestaltungssatzungen-modernisieren-1.jpg","width":1768,"height":890},{"@type":"BreadcrumbList","@id":"https:\/\/cdu-meerbusch.de\/allgemein\/bahnunterfuehrung-in-osterath-endlich-geht-es-weiter\/#breadcrumb","itemListElement":[{"@type":"ListItem","position":1,"name":"Startseite","item":"https:\/\/cdu-meerbusch.de\/"},{"@type":"ListItem","position":2,"name":"Bahnunterf\u00fchrung in Osterath: Endlich geht es weiter!"}]},{"@type":"WebSite","@id":"https:\/\/cdu-meerbusch.de\/#website","url":"https:\/\/cdu-meerbusch.de\/","name":"CDU Meerbusch","description":"Living well in Meerbusch","publisher":{"@id":"https:\/\/cdu-meerbusch.de\/#organization"},"alternateName":"CDU Meerbusch","potentialAction":[{"@type":"SearchAction","target":{"@type":"EntryPoint","urlTemplate":"https:\/\/cdu-meerbusch.de\/?s={search_term_string}"},"query-input":{"@type":"PropertyValueSpecification","valueRequired":true,"valueName":"search_term_string"}}],"inLanguage":"en-GB"},{"@type":"Organization","@id":"https:\/\/cdu-meerbusch.de\/#organization","name":"CDU Meerbusch","url":"https:\/\/cdu-meerbusch.de\/","logo":{"@type":"ImageObject","inLanguage":"en-GB","@id":"https:\/\/cdu-meerbusch.de\/#\/schema\/logo\/image\/","url":"https:\/\/cdu-meerbusch.de\/wp-content\/uploads\/cdu-gesamtlogo.png","contentUrl":"https:\/\/cdu-meerbusch.de\/wp-content\/uploads\/cdu-gesamtlogo.png","width":418,"height":120,"caption":"CDU Meerbusch"},"image":{"@id":"https:\/\/cdu-meerbusch.de\/#\/schema\/logo\/image\/"}},{"@type":"Person","@id":"https:\/\/cdu-meerbusch.de\/#\/schema\/person\/a042ef2544ed318a235f2ad86e07549e","name":"@dm1n","sameAs":["http:\/\/cdu-meerbusch.de"]}]}},"_links":{"self":[{"href":"https:\/\/cdu-meerbusch.de\/en\/wp-json\/wp\/v2\/posts\/7780","targetHints":{"allow":["GET"]}}],"collection":[{"href":"https:\/\/cdu-meerbusch.de\/en\/wp-json\/wp\/v2\/posts"}],"about":[{"href":"https:\/\/cdu-meerbusch.de\/en\/wp-json\/wp\/v2\/types\/post"}],"author":[{"embeddable":true,"href":"https:\/\/cdu-meerbusch.de\/en\/wp-json\/wp\/v2\/users\/1"}],"replies":[{"embeddable":true,"href":"https:\/\/cdu-meerbusch.de\/en\/wp-json\/wp\/v2\/comments?post=7780"}],"version-history":[{"count":1,"href":"https:\/\/cdu-meerbusch.de\/en\/wp-json\/wp\/v2\/posts\/7780\/revisions"}],"predecessor-version":[{"id":7781,"href":"https:\/\/cdu-meerbusch.de\/en\/wp-json\/wp\/v2\/posts\/7780\/revisions\/7781"}],"wp:featuredmedia":[{"embeddable":true,"href":"https:\/\/cdu-meerbusch.de\/en\/wp-json\/wp\/v2\/media\/7691"}],"wp:attachment":[{"href":"https:\/\/cdu-meerbusch.de\/en\/wp-json\/wp\/v2\/media?parent=7780"}],"wp:term":[{"taxonomy":"category","embeddable":true,"href":"https:\/\/cdu-meerbusch.de\/en\/wp-json\/wp\/v2\/categories?post=7780"},{"taxonomy":"post_tag","embeddable":true,"href":"https:\/\/cdu-meerbusch.de\/en\/wp-json\/wp\/v2\/tags?post=7780"}],"curies":[{"name":"wp","href":"https:\/\/api.w.org\/{rel}","templated":true}]}}