{"id":7682,"date":"2026-04-28T14:55:56","date_gmt":"2026-04-28T12:55:56","guid":{"rendered":"https:\/\/cdu-meerbusch.de\/?p=7682"},"modified":"2026-04-28T15:30:47","modified_gmt":"2026-04-28T13:30:47","slug":"mehr-freiheit-fuer-osterath-gestaltungssatzungen-modernisieren","status":"publish","type":"post","link":"https:\/\/cdu-meerbusch.de\/en\/allgemein\/mehr-freiheit-fuer-osterath-gestaltungssatzungen-modernisieren\/","title":{"rendered":"Mehr Freiheit f\u00fcr Osterath \u2013 Gestaltungssatzungen modernisieren"},"content":{"rendered":"<p>Die seit Jahrzehnten bestehenden Gestaltungssatzungen in Osterath sind sehr eng gefasst und lassen vielen Eigent\u00fcmerinnen und Eigent\u00fcmern nur wenig Spielraum, ihr Zuhause an heutige Standards anzupassen. Ob energetische Sanierung, moderne Fenster oder zeitgem\u00e4\u00dfe Fassadengestaltung \u2013 vieles ist bislang nur eingeschr\u00e4nkt oder gar nicht m\u00f6glich.<\/p>\n<p>Wir als CDU Meerbusch setzen uns daher daf\u00fcr ein, die bestehenden Satzungen grundlegend zu \u00fcberarbeiten und behutsam zu \u00f6ffnen. Unser Ziel ist es, mehr Flexibilit\u00e4t zu schaffen, ohne dabei den besonderen Charakter und das gewachsene Stadtbild Osteraths aus den Augen zu verlieren.<\/p>\n<p>Konkret m\u00f6chten wir erreichen, dass es k\u00fcnftig mehr Spielr\u00e4ume bei der Gestaltung von Fenstern, Fassaden, Klinkern und D\u00e4chern gibt. Gleichzeitig sollen notwendige Modernisierungsma\u00dfnahmen \u2013 insbesondere aus energetischen Gr\u00fcnden \u2013 deutlich erleichtert werden. Denn Klimaschutz und nachhaltiges Bauen d\u00fcrfen nicht an \u00fcberholten Regelwerken scheitern.<\/p>\n<p>Uns ist dabei wichtig: Dort, wo das historische Erscheinungsbild Osteraths besonders pr\u00e4gend und erhaltenswert ist, soll dieses auch weiterhin gesch\u00fctzt bleiben. Es geht also nicht um ein \u201eAlles ist erlaubt\u201c, sondern um eine zeitgem\u00e4\u00dfe Balance zwischen Bewahren und Weiterentwickeln.<\/p>\n<p>Mit dieser Initiative wollen wir Osterath fit f\u00fcr die Zukunft machen \u2013 f\u00fcr mehr Lebensqualit\u00e4t, mehr Klimaschutz und mehr Gestaltungsfreiheit f\u00fcr die B\u00fcrgerinnen und B\u00fcrger.<\/p>\n<p>Your CDU-Meerbusch<\/p>","protected":false},"excerpt":{"rendered":"<p>Die seit Jahrzehnten bestehenden Gestaltungssatzungen in Osterath sind sehr eng gefasst und lassen vielen Eigent\u00fcmerinnen und Eigent\u00fcmern nur wenig Spielraum, ihr Zuhause an heutige Standards anzupassen. Ob energetische Sanierung, moderne Fenster oder zeitgem\u00e4\u00dfe Fassadengestaltung \u2013 vieles ist bislang nur eingeschr\u00e4nkt oder gar nicht m\u00f6glich. Wir als CDU Meerbusch setzen uns daher daf\u00fcr ein, die bestehenden [&hellip;]<\/p>\n","protected":false},"author":1,"featured_media":7691,"comment_status":"closed","ping_status":"closed","sticky":false,"template":"","format":"standard","meta":{"footnotes":""},"categories":[1],"tags":[],"class_list":["post-7682","post","type-post","status-publish","format-standard","has-post-thumbnail","hentry","category-allgemein"],"yoast_head":"<!-- This site is optimized with the Yoast SEO plugin v27.4 - https:\/\/yoast.com\/product\/yoast-seo-wordpress\/ -->\n<title>Mehr Freiheit f\u00fcr Osterath \u2013 Gestaltungssatzungen modernisieren | CDU Meerbusch<\/title>\n<meta name=\"robots\" content=\"index, follow, max-snippet:-1, max-image-preview:large, max-video-preview:-1\" \/>\n<link rel=\"canonical\" href=\"https:\/\/cdu-meerbusch.de\/en\/allgemein\/mehr-freiheit-fuer-osterath-gestaltungssatzungen-modernisieren\/\" \/>\n<meta property=\"og:locale\" content=\"en_GB\" \/>\n<meta property=\"og:type\" content=\"article\" \/>\n<meta property=\"og:title\" content=\"Mehr Freiheit f\u00fcr Osterath \u2013 Gestaltungssatzungen modernisieren | CDU Meerbusch\" \/>\n<meta property=\"og:description\" content=\"Die seit Jahrzehnten bestehenden Gestaltungssatzungen in Osterath sind sehr eng gefasst und lassen vielen Eigent\u00fcmerinnen und Eigent\u00fcmern nur wenig Spielraum, ihr Zuhause an heutige Standards anzupassen. Ob energetische Sanierung, moderne Fenster oder zeitgem\u00e4\u00dfe Fassadengestaltung \u2013 vieles ist bislang nur eingeschr\u00e4nkt oder gar nicht m\u00f6glich. Wir als CDU Meerbusch setzen uns daher daf\u00fcr ein, die bestehenden [&hellip;]\" \/>\n<meta property=\"og:url\" content=\"https:\/\/cdu-meerbusch.de\/en\/allgemein\/mehr-freiheit-fuer-osterath-gestaltungssatzungen-modernisieren\/\" \/>\n<meta property=\"og:site_name\" content=\"CDU Meerbusch\" \/>\n<meta property=\"article:published_time\" content=\"2026-04-28T12:55:56+00:00\" \/>\n<meta property=\"article:modified_time\" content=\"2026-04-28T13:30:47+00:00\" \/>\n<meta property=\"og:image\" content=\"https:\/\/cdu-meerbusch.de\/wp-content\/uploads\/mehr-freiheit-fuer-osterath-gestaltungssatzungen-modernisieren-1.jpg\" \/>\n\t<meta property=\"og:image:width\" content=\"1768\" \/>\n\t<meta property=\"og:image:height\" content=\"890\" \/>\n\t<meta property=\"og:image:type\" content=\"image\/jpeg\" \/>\n<meta name=\"author\" content=\"@dm1n\" \/>\n<script type=\"application\/ld+json\" class=\"yoast-schema-graph\">{\"@context\":\"https:\\\/\\\/schema.org\",\"@graph\":[{\"@type\":\"Article\",\"@id\":\"https:\\\/\\\/cdu-meerbusch.de\\\/allgemein\\\/mehr-freiheit-fuer-osterath-gestaltungssatzungen-modernisieren\\\/#article\",\"isPartOf\":{\"@id\":\"https:\\\/\\\/cdu-meerbusch.de\\\/allgemein\\\/mehr-freiheit-fuer-osterath-gestaltungssatzungen-modernisieren\\\/\"},\"author\":{\"name\":\"@dm1n\",\"@id\":\"https:\\\/\\\/cdu-meerbusch.de\\\/#\\\/schema\\\/person\\\/a042ef2544ed318a235f2ad86e07549e\"},\"headline\":\"Mehr Freiheit f\u00fcr Osterath \u2013 Gestaltungssatzungen modernisieren\",\"datePublished\":\"2026-04-28T12:55:56+00:00\",\"dateModified\":\"2026-04-28T13:30:47+00:00\",\"mainEntityOfPage\":{\"@id\":\"https:\\\/\\\/cdu-meerbusch.de\\\/allgemein\\\/mehr-freiheit-fuer-osterath-gestaltungssatzungen-modernisieren\\\/\"},\"wordCount\":221,\"publisher\":{\"@id\":\"https:\\\/\\\/cdu-meerbusch.de\\\/#organization\"},\"image\":{\"@id\":\"https:\\\/\\\/cdu-meerbusch.de\\\/allgemein\\\/mehr-freiheit-fuer-osterath-gestaltungssatzungen-modernisieren\\\/#primaryimage\"},\"thumbnailUrl\":\"https:\\\/\\\/cdu-meerbusch.de\\\/wp-content\\\/uploads\\\/mehr-freiheit-fuer-osterath-gestaltungssatzungen-modernisieren-1.jpg\",\"articleSection\":[\"Allgemein\"],\"inLanguage\":\"en-GB\"},{\"@type\":\"WebPage\",\"@id\":\"https:\\\/\\\/cdu-meerbusch.de\\\/allgemein\\\/mehr-freiheit-fuer-osterath-gestaltungssatzungen-modernisieren\\\/\",\"url\":\"https:\\\/\\\/cdu-meerbusch.de\\\/allgemein\\\/mehr-freiheit-fuer-osterath-gestaltungssatzungen-modernisieren\\\/\",\"name\":\"Mehr Freiheit f\u00fcr Osterath \u2013 Gestaltungssatzungen modernisieren | CDU Meerbusch\",\"isPartOf\":{\"@id\":\"https:\\\/\\\/cdu-meerbusch.de\\\/#website\"},\"primaryImageOfPage\":{\"@id\":\"https:\\\/\\\/cdu-meerbusch.de\\\/allgemein\\\/mehr-freiheit-fuer-osterath-gestaltungssatzungen-modernisieren\\\/#primaryimage\"},\"image\":{\"@id\":\"https:\\\/\\\/cdu-meerbusch.de\\\/allgemein\\\/mehr-freiheit-fuer-osterath-gestaltungssatzungen-modernisieren\\\/#primaryimage\"},\"thumbnailUrl\":\"https:\\\/\\\/cdu-meerbusch.de\\\/wp-content\\\/uploads\\\/mehr-freiheit-fuer-osterath-gestaltungssatzungen-modernisieren-1.jpg\",\"datePublished\":\"2026-04-28T12:55:56+00:00\",\"dateModified\":\"2026-04-28T13:30:47+00:00\",\"breadcrumb\":{\"@id\":\"https:\\\/\\\/cdu-meerbusch.de\\\/allgemein\\\/mehr-freiheit-fuer-osterath-gestaltungssatzungen-modernisieren\\\/#breadcrumb\"},\"inLanguage\":\"en-GB\",\"potentialAction\":[{\"@type\":\"ReadAction\",\"target\":[\"https:\\\/\\\/cdu-meerbusch.de\\\/allgemein\\\/mehr-freiheit-fuer-osterath-gestaltungssatzungen-modernisieren\\\/\"]}]},{\"@type\":\"ImageObject\",\"inLanguage\":\"en-GB\",\"@id\":\"https:\\\/\\\/cdu-meerbusch.de\\\/allgemein\\\/mehr-freiheit-fuer-osterath-gestaltungssatzungen-modernisieren\\\/#primaryimage\",\"url\":\"https:\\\/\\\/cdu-meerbusch.de\\\/wp-content\\\/uploads\\\/mehr-freiheit-fuer-osterath-gestaltungssatzungen-modernisieren-1.jpg\",\"contentUrl\":\"https:\\\/\\\/cdu-meerbusch.de\\\/wp-content\\\/uploads\\\/mehr-freiheit-fuer-osterath-gestaltungssatzungen-modernisieren-1.jpg\",\"width\":1768,\"height\":890},{\"@type\":\"BreadcrumbList\",\"@id\":\"https:\\\/\\\/cdu-meerbusch.de\\\/allgemein\\\/mehr-freiheit-fuer-osterath-gestaltungssatzungen-modernisieren\\\/#breadcrumb\",\"itemListElement\":[{\"@type\":\"ListItem\",\"position\":1,\"name\":\"Startseite\",\"item\":\"https:\\\/\\\/cdu-meerbusch.de\\\/\"},{\"@type\":\"ListItem\",\"position\":2,\"name\":\"Mehr Freiheit f\u00fcr Osterath \u2013 Gestaltungssatzungen modernisieren\"}]},{\"@type\":\"WebSite\",\"@id\":\"https:\\\/\\\/cdu-meerbusch.de\\\/#website\",\"url\":\"https:\\\/\\\/cdu-meerbusch.de\\\/\",\"name\":\"CDU Meerbusch\",\"description\":\"gut Leben in Meerbusch\",\"publisher\":{\"@id\":\"https:\\\/\\\/cdu-meerbusch.de\\\/#organization\"},\"alternateName\":\"CDU Meerbusch\",\"potentialAction\":[{\"@type\":\"SearchAction\",\"target\":{\"@type\":\"EntryPoint\",\"urlTemplate\":\"https:\\\/\\\/cdu-meerbusch.de\\\/?s={search_term_string}\"},\"query-input\":{\"@type\":\"PropertyValueSpecification\",\"valueRequired\":true,\"valueName\":\"search_term_string\"}}],\"inLanguage\":\"en-GB\"},{\"@type\":\"Organization\",\"@id\":\"https:\\\/\\\/cdu-meerbusch.de\\\/#organization\",\"name\":\"CDU Meerbusch\",\"url\":\"https:\\\/\\\/cdu-meerbusch.de\\\/\",\"logo\":{\"@type\":\"ImageObject\",\"inLanguage\":\"en-GB\",\"@id\":\"https:\\\/\\\/cdu-meerbusch.de\\\/#\\\/schema\\\/logo\\\/image\\\/\",\"url\":\"https:\\\/\\\/cdu-meerbusch.de\\\/wp-content\\\/uploads\\\/cdu-gesamtlogo.png\",\"contentUrl\":\"https:\\\/\\\/cdu-meerbusch.de\\\/wp-content\\\/uploads\\\/cdu-gesamtlogo.png\",\"width\":418,\"height\":120,\"caption\":\"CDU Meerbusch\"},\"image\":{\"@id\":\"https:\\\/\\\/cdu-meerbusch.de\\\/#\\\/schema\\\/logo\\\/image\\\/\"}},{\"@type\":\"Person\",\"@id\":\"https:\\\/\\\/cdu-meerbusch.de\\\/#\\\/schema\\\/person\\\/a042ef2544ed318a235f2ad86e07549e\",\"name\":\"@dm1n\",\"sameAs\":[\"http:\\\/\\\/cdu-meerbusch.de\"]}]}<\/script>\n<!-- \/ Yoast SEO plugin. -->","yoast_head_json":{"title":"Mehr Freiheit f\u00fcr Osterath \u2013 Gestaltungssatzungen modernisieren | CDU Meerbusch","robots":{"index":"index","follow":"follow","max-snippet":"max-snippet:-1","max-image-preview":"max-image-preview:large","max-video-preview":"max-video-preview:-1"},"canonical":"https:\/\/cdu-meerbusch.de\/en\/allgemein\/mehr-freiheit-fuer-osterath-gestaltungssatzungen-modernisieren\/","og_locale":"en_GB","og_type":"article","og_title":"Mehr Freiheit f\u00fcr Osterath \u2013 Gestaltungssatzungen modernisieren | CDU Meerbusch","og_description":"Die seit Jahrzehnten bestehenden Gestaltungssatzungen in Osterath sind sehr eng gefasst und lassen vielen Eigent\u00fcmerinnen und Eigent\u00fcmern nur wenig Spielraum, ihr Zuhause an heutige Standards anzupassen. Ob energetische Sanierung, moderne Fenster oder zeitgem\u00e4\u00dfe Fassadengestaltung \u2013 vieles ist bislang nur eingeschr\u00e4nkt oder gar nicht m\u00f6glich. Wir als CDU Meerbusch setzen uns daher daf\u00fcr ein, die bestehenden [&hellip;]","og_url":"https:\/\/cdu-meerbusch.de\/en\/allgemein\/mehr-freiheit-fuer-osterath-gestaltungssatzungen-modernisieren\/","og_site_name":"CDU Meerbusch","article_published_time":"2026-04-28T12:55:56+00:00","article_modified_time":"2026-04-28T13:30:47+00:00","og_image":[{"width":1768,"height":890,"url":"https:\/\/cdu-meerbusch.de\/wp-content\/uploads\/mehr-freiheit-fuer-osterath-gestaltungssatzungen-modernisieren-1.jpg","type":"image\/jpeg"}],"author":"@dm1n","schema":{"@context":"https:\/\/schema.org","@graph":[{"@type":"Article","@id":"https:\/\/cdu-meerbusch.de\/allgemein\/mehr-freiheit-fuer-osterath-gestaltungssatzungen-modernisieren\/#article","isPartOf":{"@id":"https:\/\/cdu-meerbusch.de\/allgemein\/mehr-freiheit-fuer-osterath-gestaltungssatzungen-modernisieren\/"},"author":{"name":"@dm1n","@id":"https:\/\/cdu-meerbusch.de\/#\/schema\/person\/a042ef2544ed318a235f2ad86e07549e"},"headline":"Mehr Freiheit f\u00fcr Osterath \u2013 Gestaltungssatzungen modernisieren","datePublished":"2026-04-28T12:55:56+00:00","dateModified":"2026-04-28T13:30:47+00:00","mainEntityOfPage":{"@id":"https:\/\/cdu-meerbusch.de\/allgemein\/mehr-freiheit-fuer-osterath-gestaltungssatzungen-modernisieren\/"},"wordCount":221,"publisher":{"@id":"https:\/\/cdu-meerbusch.de\/#organization"},"image":{"@id":"https:\/\/cdu-meerbusch.de\/allgemein\/mehr-freiheit-fuer-osterath-gestaltungssatzungen-modernisieren\/#primaryimage"},"thumbnailUrl":"https:\/\/cdu-meerbusch.de\/wp-content\/uploads\/mehr-freiheit-fuer-osterath-gestaltungssatzungen-modernisieren-1.jpg","articleSection":["Allgemein"],"inLanguage":"en-GB"},{"@type":"WebPage","@id":"https:\/\/cdu-meerbusch.de\/allgemein\/mehr-freiheit-fuer-osterath-gestaltungssatzungen-modernisieren\/","url":"https:\/\/cdu-meerbusch.de\/allgemein\/mehr-freiheit-fuer-osterath-gestaltungssatzungen-modernisieren\/","name":"Mehr Freiheit f\u00fcr Osterath \u2013 Gestaltungssatzungen modernisieren | CDU Meerbusch","isPartOf":{"@id":"https:\/\/cdu-meerbusch.de\/#website"},"primaryImageOfPage":{"@id":"https:\/\/cdu-meerbusch.de\/allgemein\/mehr-freiheit-fuer-osterath-gestaltungssatzungen-modernisieren\/#primaryimage"},"image":{"@id":"https:\/\/cdu-meerbusch.de\/allgemein\/mehr-freiheit-fuer-osterath-gestaltungssatzungen-modernisieren\/#primaryimage"},"thumbnailUrl":"https:\/\/cdu-meerbusch.de\/wp-content\/uploads\/mehr-freiheit-fuer-osterath-gestaltungssatzungen-modernisieren-1.jpg","datePublished":"2026-04-28T12:55:56+00:00","dateModified":"2026-04-28T13:30:47+00:00","breadcrumb":{"@id":"https:\/\/cdu-meerbusch.de\/allgemein\/mehr-freiheit-fuer-osterath-gestaltungssatzungen-modernisieren\/#breadcrumb"},"inLanguage":"en-GB","potentialAction":[{"@type":"ReadAction","target":["https:\/\/cdu-meerbusch.de\/allgemein\/mehr-freiheit-fuer-osterath-gestaltungssatzungen-modernisieren\/"]}]},{"@type":"ImageObject","inLanguage":"en-GB","@id":"https:\/\/cdu-meerbusch.de\/allgemein\/mehr-freiheit-fuer-osterath-gestaltungssatzungen-modernisieren\/#primaryimage","url":"https:\/\/cdu-meerbusch.de\/wp-content\/uploads\/mehr-freiheit-fuer-osterath-gestaltungssatzungen-modernisieren-1.jpg","contentUrl":"https:\/\/cdu-meerbusch.de\/wp-content\/uploads\/mehr-freiheit-fuer-osterath-gestaltungssatzungen-modernisieren-1.jpg","width":1768,"height":890},{"@type":"BreadcrumbList","@id":"https:\/\/cdu-meerbusch.de\/allgemein\/mehr-freiheit-fuer-osterath-gestaltungssatzungen-modernisieren\/#breadcrumb","itemListElement":[{"@type":"ListItem","position":1,"name":"Startseite","item":"https:\/\/cdu-meerbusch.de\/"},{"@type":"ListItem","position":2,"name":"Mehr Freiheit f\u00fcr Osterath \u2013 Gestaltungssatzungen modernisieren"}]},{"@type":"WebSite","@id":"https:\/\/cdu-meerbusch.de\/#website","url":"https:\/\/cdu-meerbusch.de\/","name":"CDU Meerbusch","description":"Living well in Meerbusch","publisher":{"@id":"https:\/\/cdu-meerbusch.de\/#organization"},"alternateName":"CDU Meerbusch","potentialAction":[{"@type":"SearchAction","target":{"@type":"EntryPoint","urlTemplate":"https:\/\/cdu-meerbusch.de\/?s={search_term_string}"},"query-input":{"@type":"PropertyValueSpecification","valueRequired":true,"valueName":"search_term_string"}}],"inLanguage":"en-GB"},{"@type":"Organization","@id":"https:\/\/cdu-meerbusch.de\/#organization","name":"CDU Meerbusch","url":"https:\/\/cdu-meerbusch.de\/","logo":{"@type":"ImageObject","inLanguage":"en-GB","@id":"https:\/\/cdu-meerbusch.de\/#\/schema\/logo\/image\/","url":"https:\/\/cdu-meerbusch.de\/wp-content\/uploads\/cdu-gesamtlogo.png","contentUrl":"https:\/\/cdu-meerbusch.de\/wp-content\/uploads\/cdu-gesamtlogo.png","width":418,"height":120,"caption":"CDU Meerbusch"},"image":{"@id":"https:\/\/cdu-meerbusch.de\/#\/schema\/logo\/image\/"}},{"@type":"Person","@id":"https:\/\/cdu-meerbusch.de\/#\/schema\/person\/a042ef2544ed318a235f2ad86e07549e","name":"@dm1n","sameAs":["http:\/\/cdu-meerbusch.de"]}]}},"_links":{"self":[{"href":"https:\/\/cdu-meerbusch.de\/en\/wp-json\/wp\/v2\/posts\/7682","targetHints":{"allow":["GET"]}}],"collection":[{"href":"https:\/\/cdu-meerbusch.de\/en\/wp-json\/wp\/v2\/posts"}],"about":[{"href":"https:\/\/cdu-meerbusch.de\/en\/wp-json\/wp\/v2\/types\/post"}],"author":[{"embeddable":true,"href":"https:\/\/cdu-meerbusch.de\/en\/wp-json\/wp\/v2\/users\/1"}],"replies":[{"embeddable":true,"href":"https:\/\/cdu-meerbusch.de\/en\/wp-json\/wp\/v2\/comments?post=7682"}],"version-history":[{"count":1,"href":"https:\/\/cdu-meerbusch.de\/en\/wp-json\/wp\/v2\/posts\/7682\/revisions"}],"predecessor-version":[{"id":7683,"href":"https:\/\/cdu-meerbusch.de\/en\/wp-json\/wp\/v2\/posts\/7682\/revisions\/7683"}],"wp:featuredmedia":[{"embeddable":true,"href":"https:\/\/cdu-meerbusch.de\/en\/wp-json\/wp\/v2\/media\/7691"}],"wp:attachment":[{"href":"https:\/\/cdu-meerbusch.de\/en\/wp-json\/wp\/v2\/media?parent=7682"}],"wp:term":[{"taxonomy":"category","embeddable":true,"href":"https:\/\/cdu-meerbusch.de\/en\/wp-json\/wp\/v2\/categories?post=7682"},{"taxonomy":"post_tag","embeddable":true,"href":"https:\/\/cdu-meerbusch.de\/en\/wp-json\/wp\/v2\/tags?post=7682"}],"curies":[{"name":"wp","href":"https:\/\/api.w.org\/{rel}","templated":true}]}}